{"id":5667,"date":"2026-08-29T16:15:45","date_gmt":"2026-08-29T19:15:45","guid":{"rendered":"https:\/\/sinditestrs.org.br\/site\/?p=5667"},"modified":"2026-08-29T16:24:30","modified_gmt":"2026-08-29T19:24:30","slug":"assinada-cct-com-sindihospa-reajuste-de-411-retroativo-a-maio-2026","status":"publish","type":"post","link":"https:\/\/sinditestrs.org.br\/site\/assinada-cct-com-sindihospa-reajuste-de-411-retroativo-a-maio-2026\/","title":{"rendered":"ASSINADA CCT COM SINDIHOSPA \u2013 REAJUSTE DE 4,11% RETROATIVO A MAIO\/2026"},"content":{"rendered":"\n<p><strong>\u00c9 de <mark style=\"background-color:rgba(0, 0, 0, 0);color:#f80606\" class=\"has-inline-color\">4,11%<\/mark> o reajuste retroativo a maio\/2026 para TSTs que trabalham em Hospitais particulares e Clinicas de Porto Alegre.<\/strong><\/p>\n\n\n\n<p><strong><mark><a href=\"https:\/\/sinditestrs.org.br\/site\/wp-content\/uploads\/2026\/08\/SINDIHOSPA_SINDITESTRS_01.05.2025-A-30.04.2027_REGISTRADO.pdf\"><mark style=\"background-color:#ffffff;color:#0c07e3\" class=\"has-inline-color\">CLIQUE AQUI<\/mark><\/a><\/mark>\u00a0para ver o Termo Aditivo \u00e0 CCT assinada pelas partes legalmente constitu\u00eddas, ou seja: <mark style=\"background-color:rgba(0, 0, 0, 0);color:#f80505\" class=\"has-inline-color\">T\u00c1 VALENDO!<\/mark><\/strong><\/p>\n\n\n\n<p>Foi assinada e registrada no Sistema Mediador do <strong>MTE<\/strong> neste dia 21\/08\/2026 o Termo Aditivo \u00e0 Conven\u00e7\u00e3o Coletiva de Trabalho \u2013\u00a0<strong>CCT\u00a0<\/strong>firmada entre o\u00a0<strong>SINDIHOSPA\u00a0<\/strong>(representando Hospitais e Cl\u00ednicas) e\u00a0<strong>SINDITESTRS<\/strong>\u00a0(representando os TSTs), estabelecendo um reajuste de\u00a0<strong>4,11%,<\/strong>\u00a0que deve ser pago na folha de agosto, junto com as diferen\u00e7as relativas aos meses de maio, junho e julho. Os hospitais de natureza p\u00fablica, em raz\u00e3o de processos administrativos a que est\u00e3o submetidos, dever\u00e3o diligenciar seus procedimentos para viabilizar o pagamento do reajuste na folha salarial de compet\u00eancia do m\u00eas de setembro de 2026, juntamente com diferen\u00e7as salariais retroativas \u00e0 compet\u00eancia de maio de 2026.<\/p>\n\n\n\n<p>S\u00e3o abrangidos os (as) T\u00e9cnicos (as) de Seguran\u00e7a do Trabalho que trabalham nos hospitais GHC, HCPA, Divina Provid\u00eancia, Independ\u00eancia, M\u00e3e de Deus, Santa Ana, Moinhos de Vento, S\u00e3o Lucas da PUC, Ernesto Dorneles, Blanc, S\u00e3o Pietro (e ainda, novos hospitais privados que tenham passado a integrar a base do\u00a0<strong>SINDIHOSPA<\/strong>) e nas Cl\u00ednicas de Porto Alegre, representados por esse Sindicato patronal. Al\u00e9m do reajuste acima citado,\u00a0<strong>foram mantidas at\u00e9 31\/04\/2027<\/strong>\u00a0todas as cl\u00e1usulas da CCT anterior. <\/p>\n\n\n\n<p><strong>PARTICIPA\u00c7\u00c3O DA CATEGORIA NO CUSTEIO DA NEGOCIA\u00c7\u00c3O<\/strong>\u00a0\u2013\u00a0<strong>COTA DE SOLIDARIEDADE NEGOCIAL 2026<\/strong><br>Como sabemos, toda negocia\u00e7\u00e3o tem um gasto e seu custeio est\u00e1 previsto na Cl\u00e1usula Sexag\u00e9sima Sexta da CCT. Assim, ser\u00e1 efetuado o desconto equivalente a\u00a0<strong>1 (um) dia de sal\u00e1rio<\/strong>\u00a0dos empregados T\u00e9cnicos de Seguran\u00e7a do Trabalho, n\u00e3o associados ao Sindicato, presentes ou n\u00e3o na Assembleia, em uma \u00fanica parcela,\u00a0<strong>incidente sobre o sal\u00e1rio do m\u00eas que forem pagas as diferen\u00e7as retroativas a 1\u00ba de maio.<\/strong><\/p>\n\n\n\n<p>O desconto \u00e9 realizado considerando-se que o Sindicato&nbsp;<strong>representa toda a categoria<\/strong>, e n\u00e3o somente os associados ao firmar a presente Conven\u00e7\u00e3o Coletiva de Trabalho (instrumento coletivo que beneficia a todos os trabalhadores abrangidos), bem como, porque recai sobre a entidade sindical todas as obriga\u00e7\u00f5es previstas no art. 514 da CLT.<\/p>\n\n\n\n<p><strong><mark style=\"background-color:rgba(0, 0, 0, 0);color:#f80404\" class=\"has-inline-color\">S\u00d3CIOS EM DIA ISENTOS DESSA CONTRIBUI\u00c7\u00c3O<\/mark><\/strong><br>Ficam isentos da quota negocial ora prevista os trabalhadores associados ao Sindicato em dia com a mensalidade de s\u00f3cio at\u00e9 a data de assinatura da presente CCT.<\/p>\n\n\n\n<p><strong>QUERO OS BENEF\u00cdCIOS, MAS N\u00c3O QUERO CONTRIBUIR NEM ME ASSOCIAR, COMO FA\u00c7O?<\/strong><br>Os empregados T\u00e9cnicos de Seguran\u00e7a do Trabalho n\u00e3o s\u00f3cios poder\u00e3o exercer o direito de oposi\u00e7\u00e3o ao desconto da presente cota de solidariedade negocial,&nbsp;<strong>ESPECFICAMENTE PARA ESTE INSTRUMENTO COLETIVO DE TRABALHO<\/strong>, por meio de of\u00edcio em duas vias, redigido de pr\u00f3prio punho,&nbsp;<strong>informando nome completo, CPF, data de nascimento e hospital onde trabalha<\/strong>&nbsp;e entregue individualmente na Secretaria do&nbsp;<strong>SINDITESTRS \u2013 Rua Dom Jaime de Barros C\u00e2mara 104 \u2013 T\u00e9rreo \u2013 Bairro Sarandi \u2013 CEP 91130-160 Porto Alegre\/RS<\/strong>, no per\u00edodo&nbsp;<strong>que inicia<\/strong>&nbsp;no primeiro dia ap\u00f3s o registro do Termo Aditivo no Sistema Mediador do MTE (22\/08\/2026) <strong>e que termina<\/strong>, impreterivelmente,&nbsp;<strong>dez dias corridos ap\u00f3s<\/strong> (31\/08\/2026) , de segunda a sexta-feira, no hor\u00e1rio entre&nbsp;9h e 17h.<\/p>\n\n\n\n<p>Os trabalhadores que laboram fora de Porto Alegre, no mesmo per\u00edodo, poder\u00e3o enviar o termo de oposi\u00e7\u00e3o por meio de&nbsp;<strong>CARTA REGISTRADA&nbsp;<\/strong>e\/ou&nbsp;<strong>SEDEX&nbsp;<\/strong>para o endere\u00e7o, formato e contendo as mesmas informa\u00e7\u00f5es citadas acima, valendo para este fim como prazo, a data da postagem no Correio.<\/p>\n\n\n\n<p><strong><mark><mark style=\"background-color:#ffffff\" class=\"has-inline-color\">ATEN\u00c7\u00c3O PARA O PRAZO<\/mark><\/mark><\/strong>:&nbsp;<strong>INICIA dia 22\/08\/2026<\/strong>&nbsp;e&nbsp;<strong>TERMINA dia 31\/08\/2026<\/strong>, impreterivelmente<\/p>\n\n\n\n<p><strong><mark><a href=\"https:\/\/sinditestrs.org.br\/site\/wp-content\/uploads\/2026\/08\/SINDIHOSPA_SINDITESTRS_01.05.2025-A-30.04.2027_REGISTRADO.pdf\"><mark style=\"background-color:#ffffff;color:#0c07e3\" class=\"has-inline-color\">CLIQUE AQUI<\/mark><\/a><\/mark>\u00a0para ver a o Termo Aditivo \u00e0 CCT assinado.<\/strong><\/p>\n\n\n\n<p><strong><mark style=\"background-color:rgba(0, 0, 0, 0);color:#f80707\" class=\"has-inline-color\">ASSOCIE-SE AGORA<\/mark><\/strong><br>Aproveitando, associe-se no SINDITESTRS, o Sindicato que representa a NOSSA categoria, s\u00e3o apenas R$ 10,00 por m\u00eas. Para associar-se, clique\u00a0<mark><a href=\"https:\/\/sinditestrs.org.br\/site\/associe-se\/\" target=\"_blank\" rel=\"noreferrer noopener\"><strong><mark style=\"background-color:#ffffff;color:#4107e3\" class=\"has-inline-color\">AQUI<\/mark><\/strong><\/a><mark style=\"background-color:#ffffff\" class=\"has-inline-color\">.<\/mark><\/mark><\/p>\n\n\n\n<p><strong>SE VOC\u00ca J\u00c1 \u00c9 S\u00d3CIO<\/strong>\u00a0e quer verificar a situa\u00e7\u00e3o de sua mensalidade associativa, acesse o link:\u00a0<mark><a href=\"https:\/\/mbox12.sinditestrs.org.br\/link\/ReKzpFLkH2dOdOp13LEnLRknnyrHMlFOkpg9PBj7oYl6DRs6kqsRlIN0su9KjB5ysndBevYVPlhF73_p5Ip3p3kA8zL6NQynvmIa1XcDCPbd7fqQXXw6S5I-4cDsD15xPr4GXjukD4uNLKWy1R3qIg\" target=\"_blank\" rel=\"noreferrer noopener\"><strong><mark style=\"background-color:#ffffff;color:#1b07e3\" class=\"has-inline-color\">https:\/\/sinditestrs.gersin.com.br\/consulta<\/mark><\/strong><\/a><mark style=\"background-color:#ffffff\" class=\"has-inline-color\">\u00a0<\/mark><\/mark>e digite seu CPF. Na segunda coluna aparecer\u00e1 at\u00e9 quando voc\u00ea est\u00e1 em dia (m\u00eas\/ano). Se aparecer \u201cCPF inv\u00e1lido\u201d ou na \u00faltima coluna \u201cEm atraso\u201d, entre em contato conosco (<a href=\"https:\/\/mbox12.sinditestrs.org.br\/link\/ReKzpFLkH2dOdOp13LEnLRknnyrHMlFOkpg9PBj7oYl6DRs6kqsRlIN0su9KjB5ysndBevYVPlhF73_p5Ip3p3kA8zL6NQynvmIa1XcDCPbd7fqQXXw6S5I-4cDsD15xBuAd0oH-6rLxzS5XQfScBg\" target=\"_blank\" rel=\"noreferrer noopener\"><strong><mark><mark style=\"background-color:#ffffff\" class=\"has-inline-color\">sinditestrs@sinditestrs.org.br<\/mark><\/mark><\/strong>)<\/a>\u00a0ou pelo WhatsApp (51) 9962-99230 para verificarmos a situa\u00e7\u00e3o.<\/p>\n\n\n\n<p>Nosso atendimento \u00e9 100% virtual pelo e-mail:\u00a0<a href=\"mailto:sinditestrs@sinditestrs.org.br\" target=\"_blank\" rel=\"noreferrer noopener\"><strong><mark><mark style=\"background-color:#ffffff;color:#3207e3\" class=\"has-inline-color\">sinditestrs@sinditestrs.org.br<\/mark><\/mark><\/strong><\/a>\u00a0\u2013 Fone (51) 3221-7120 \u2013 WhatsApp (51) 9962-99230 com N\u00edlson e (51) 99958-8860 com Nascimento.<\/p>\n\n\n\n<p><strong><mark style=\"background-color:rgba(0, 0, 0, 0);color:#f90505\" class=\"has-inline-color\">\u00c9 o SINDITESTRS em a\u00e7\u00e3o!<\/mark><\/strong><\/p>\n","protected":false},"excerpt":{"rendered":"<p>\u00c9 de 4,11% o reajuste retroativo a maio\/2026 para TSTs que trabalham em Hospitais particulares<\/p>\n","protected":false},"author":2,"featured_media":5668,"comment_status":"closed","ping_status":"closed","sticky":false,"template":"","format":"standard","meta":{"footnotes":""},"categories":[13,6],"tags":[],"_links":{"self":[{"href":"https:\/\/sinditestrs.org.br\/site\/wp-json\/wp\/v2\/posts\/5667"}],"collection":[{"href":"https:\/\/sinditestrs.org.br\/site\/wp-json\/wp\/v2\/posts"}],"about":[{"href":"https:\/\/sinditestrs.org.br\/site\/wp-json\/wp\/v2\/types\/post"}],"author":[{"embeddable":true,"href":"https:\/\/sinditestrs.org.br\/site\/wp-json\/wp\/v2\/users\/2"}],"replies":[{"embeddable":true,"href":"https:\/\/sinditestrs.org.br\/site\/wp-json\/wp\/v2\/comments?post=5667"}],"version-history":[{"count":2,"href":"https:\/\/sinditestrs.org.br\/site\/wp-json\/wp\/v2\/posts\/5667\/revisions"}],"predecessor-version":[{"id":5672,"href":"https:\/\/sinditestrs.org.br\/site\/wp-json\/wp\/v2\/posts\/5667\/revisions\/5672"}],"wp:featuredmedia":[{"embeddable":true,"href":"https:\/\/sinditestrs.org.br\/site\/wp-json\/wp\/v2\/media\/5668"}],"wp:attachment":[{"href":"https:\/\/sinditestrs.org.br\/site\/wp-json\/wp\/v2\/media?parent=5667"}],"wp:term":[{"taxonomy":"category","embeddable":true,"href":"https:\/\/sinditestrs.org.br\/site\/wp-json\/wp\/v2\/categories?post=5667"},{"taxonomy":"post_tag","embeddable":true,"href":"https:\/\/sinditestrs.org.br\/site\/wp-json\/wp\/v2\/tags?post=5667"}],"curies":[{"name":"wp","href":"https:\/\/api.w.org\/{rel}","templated":true}]}}